{"id":1107,"date":"2023-10-16T09:55:16","date_gmt":"2023-10-16T09:55:16","guid":{"rendered":"https:\/\/seda.hi-iberia.es\/?p=1107"},"modified":"2024-10-17T09:17:43","modified_gmt":"2024-10-17T09:17:43","slug":"deseid-2023","status":"publish","type":"post","link":"https:\/\/seda.hi-iberia.es\/en\/eventos\/deseid-2023\/","title":{"rendered":"DESEi+d 2023"},"content":{"rendered":"<div data-elementor-type=\"wp-post\" data-elementor-id=\"1107\" class=\"elementor elementor-1107\">\n\t\t\t\t\t\t<section class=\"elementor-section elementor-top-section elementor-element elementor-element-4f657b5 elementor-section-boxed elementor-section-height-default elementor-section-height-default\" data-id=\"4f657b5\" data-element_type=\"section\">\n\t\t\t\t\t\t<div class=\"elementor-container elementor-column-gap-default\">\n\t\t\t\t\t<div class=\"elementor-column elementor-col-100 elementor-top-column elementor-element elementor-element-6950ffe\" data-id=\"6950ffe\" data-element_type=\"column\">\n\t\t\t<div class=\"elementor-widget-wrap elementor-element-populated\">\n\t\t\t\t\t\t<div class=\"elementor-element elementor-element-29582e9 elementor-widget elementor-widget-text-editor\" data-id=\"29582e9\" data-element_type=\"widget\" data-widget_type=\"text-editor.default\">\n\t\t\t\t<div class=\"elementor-widget-container\">\n\t\t\t\t\t\t\t\t\t<p style=\"text-align: justify;\"><span data-contrast=\"auto\">The DESEi+d (National Congress on Defense and Security R&amp;D) is a key annual event in the field of research and development of technologies applied to defense and security in Spain. This congress brings together experts, academics, industry representatives and agents of the defense sector in order to promote collaboration and knowledge exchange around technological innovations that can be applied in both military and civilian fields.<\/span><span data-ccp-props=\"{&quot;201341983&quot;:0,&quot;335551550&quot;:6,&quot;335551620&quot;:6,&quot;335559739&quot;:160,&quot;335559740&quot;:279}\">\u00a0<\/span><\/p><p style=\"text-align: justify;\"><span data-contrast=\"auto\">In its 2023 edition, held at the Marine Infantry School \u201cGeneral Albacete y Fuster\u201d in Cartagena, the congress was attended by various institutions, including universities, technology centers, and companies from the Defense Technological and Industrial Base. This forum provides a space to present and disseminate the latest research results in key thematic areas, such as weapon systems, information and communication technologies (ICT), personal and platform protection, and surveillance and reconnaissance systems (ISTAR).<\/span><span data-ccp-props=\"{&quot;201341983&quot;:0,&quot;335551550&quot;:6,&quot;335551620&quot;:6,&quot;335559739&quot;:160,&quot;335559740&quot;:279}\">\u00a0<\/span><\/p><p style=\"text-align: justify;\"><span data-contrast=\"auto\">One of the main objectives of DESEi+d is to strengthen collaboration between the Armed Forces, companies in the sector and the academic environment to face future security challenges. Both present needs and future capabilities that the sector can offer are discussed, and the transfer of technology to civilian applications is promoted, which is also of economic and social benefit to the country.<\/span><span data-ccp-props=\"{&quot;201341983&quot;:0,&quot;335551550&quot;:6,&quot;335551620&quot;:6,&quot;335559739&quot;:160,&quot;335559740&quot;:279}\">\u00a0<\/span><\/p><p style=\"text-align: justify;\"><span data-contrast=\"auto\">In the defense context, events such as DESEi+d are essential to ensure that Spain remains competitive in terms of technological innovation. Public-private collaboration is reinforced through awards such as the \u201cIsdefe Defense Challenge\u201d, which in this edition focused on satellite systems, an area of growing importance for defense strategy. This prize, worth 2,500 euros, is awarded to the best scientific communication in this area.<\/span><span data-ccp-props=\"{&quot;201341983&quot;:0,&quot;335551550&quot;:6,&quot;335551620&quot;:6,&quot;335559739&quot;:160,&quot;335559740&quot;:279}\">\u00a0<\/span><\/p><p style=\"text-align: justify;\"><span data-contrast=\"auto\">The SEDA project participated in the congress with four papers written for the event. The four papers were based on the technologies and state of the art used and collected during the development of SEDA. Specifically, we have talked about \u201d<\/span><b><span data-contrast=\"auto\">Implementation of a Deep Learning based system for dark vessel detection in satellite image through route prediction\u201d, \u2018Implementation of a Deep Learning model for abarlock detection in satellite images in SEDA\u2019, \u2018Review of current perspectives and emerging trends in ship wake detection\u2019 and \u2018Review of the State of the Art of Artificial Intelligence Algorithms on Satellite Imagery for Polar Zone Navigation Route Planning\u2019.<\/span><\/b><span data-contrast=\"auto\">\u201d, \u201cI<\/span><b><span data-contrast=\"auto\">mplementaci\u00f3n de un modelo de Deep Learning para la detecci\u00f3n de abarloamientos en im\u00e1genes satelitales en SEDA<\/span><\/b><span data-contrast=\"auto\">\u201d, \u201c<\/span><b><span data-contrast=\"auto\">Review of current perspectives and emerging trends in ship wake detection<\/span><\/b><span data-contrast=\"auto\">\u201d y \u201c<\/span><b><span data-contrast=\"auto\">State of the Art Review of Artificial Intelligence Algorithms on Satellite Imagery for Navigation Route Planning in Polar Zones<\/span><\/b><span data-contrast=\"auto\">\u201d.<\/span><span data-ccp-props=\"{&quot;201341983&quot;:0,&quot;335551550&quot;:6,&quot;335551620&quot;:6,&quot;335559739&quot;:160,&quot;335559740&quot;:279}\">\u00a0<\/span><\/p><p style=\"text-align: justify;\"><span data-contrast=\"auto\">DESEi+d is not only a scientific and technical congress, but also a reflection of Spain's commitment to the modernization of its defense capabilities through research and development of cutting-edge technologies. In this sense, its role is fundamental to prepare the Armed Forces for the challenges of the future, such as cyber warfare, space defense and the use of emerging technologies such as artificial intelligence and unmanned systems.<\/span><span data-ccp-props=\"{&quot;201341983&quot;:0,&quot;335551550&quot;:6,&quot;335551620&quot;:6,&quot;335559739&quot;:160,&quot;335559740&quot;:279}\">\u00a0<\/span><\/p><p style=\"text-align: justify;\"><span data-contrast=\"auto\">The role of DESEi+d in Spanish defence is therefore multifaceted. It provides a platform for technological innovation, fosters collaboration between various sectors, and ensures that the Armed Forces are equipped to operate in an increasingly technological and complex environment. Furthermore, its focus on dual technologies (those that can have both military and civilian applications) underlines the relevance of defence in the country's economic and social development.<\/span><span data-ccp-props=\"{&quot;201341983&quot;:0,&quot;335551550&quot;:6,&quot;335551620&quot;:6,&quot;335559739&quot;:160,&quot;335559740&quot;:279}\">\u00a0<\/span><\/p><p style=\"text-align: justify;\"><span data-contrast=\"auto\">This congress is a crucial space for the formulation of new technological and innovation strategies that will allow Spain to maintain its position as a leader in research and development in defence and security.<\/span><span data-ccp-props=\"{&quot;201341983&quot;:0,&quot;335551550&quot;:6,&quot;335551620&quot;:6,&quot;335559739&quot;:160,&quot;335559740&quot;:279}\">\u00a0<\/span><\/p>\t\t\t\t\t\t\t\t<\/div>\n\t\t\t\t<\/div>\n\t\t\t\t\t<\/div>\n\t\t<\/div>\n\t\t\t\t\t<\/div>\n\t\t<\/section>\n\t\t\t\t<section class=\"elementor-section elementor-top-section elementor-element elementor-element-6e7a6f8 elementor-section-boxed elementor-section-height-default elementor-section-height-default\" data-id=\"6e7a6f8\" data-element_type=\"section\">\n\t\t\t\t\t\t<div class=\"elementor-container elementor-column-gap-default\">\n\t\t\t\t\t<div class=\"elementor-column elementor-col-50 elementor-top-column elementor-element elementor-element-6db0b0b\" data-id=\"6db0b0b\" data-element_type=\"column\">\n\t\t\t<div class=\"elementor-widget-wrap elementor-element-populated\">\n\t\t\t\t\t\t<div class=\"elementor-element elementor-element-7016aa3 elementor-widget elementor-widget-image\" data-id=\"7016aa3\" data-element_type=\"widget\" data-widget_type=\"image.default\">\n\t\t\t\t<div class=\"elementor-widget-container\">\n\t\t\t\t\t\t\t\t\t\t\t\t\t\t\t<img fetchpriority=\"high\" decoding=\"async\" width=\"1024\" height=\"576\" src=\"https:\/\/seda.hi-iberia.es\/wp-content\/uploads\/2024\/10\/Desei-img-personal-1024x576.jpeg\" class=\"attachment-large size-large wp-image-1247\" alt=\"\" srcset=\"https:\/\/seda.hi-iberia.es\/wp-content\/uploads\/2024\/10\/Desei-img-personal-1024x576.jpeg 1024w, https:\/\/seda.hi-iberia.es\/wp-content\/uploads\/2024\/10\/Desei-img-personal-300x169.jpeg 300w, https:\/\/seda.hi-iberia.es\/wp-content\/uploads\/2024\/10\/Desei-img-personal-768x432.jpeg 768w, https:\/\/seda.hi-iberia.es\/wp-content\/uploads\/2024\/10\/Desei-img-personal-1536x864.jpeg 1536w, https:\/\/seda.hi-iberia.es\/wp-content\/uploads\/2024\/10\/Desei-img-personal.jpeg 2048w\" sizes=\"(max-width: 1024px) 100vw, 1024px\" \/>\t\t\t\t\t\t\t\t\t\t\t\t\t\t\t<\/div>\n\t\t\t\t<\/div>\n\t\t\t\t\t<\/div>\n\t\t<\/div>\n\t\t\t\t<div class=\"elementor-column elementor-col-50 elementor-top-column elementor-element elementor-element-fc0243f\" data-id=\"fc0243f\" data-element_type=\"column\">\n\t\t\t<div class=\"elementor-widget-wrap elementor-element-populated\">\n\t\t\t\t\t\t<div class=\"elementor-element elementor-element-f6b43bb elementor-widget elementor-widget-image\" data-id=\"f6b43bb\" data-element_type=\"widget\" data-widget_type=\"image.default\">\n\t\t\t\t<div class=\"elementor-widget-container\">\n\t\t\t\t\t\t\t\t\t\t\t\t\t\t\t<img decoding=\"async\" width=\"298\" height=\"300\" src=\"https:\/\/seda.hi-iberia.es\/wp-content\/uploads\/2024\/10\/Desei-e1728973726148-298x300.jpeg\" class=\"attachment-medium size-medium wp-image-1249\" alt=\"\" srcset=\"https:\/\/seda.hi-iberia.es\/wp-content\/uploads\/2024\/10\/Desei-e1728973726148-298x300.jpeg 298w, https:\/\/seda.hi-iberia.es\/wp-content\/uploads\/2024\/10\/Desei-e1728973726148-1017x1024.jpeg 1017w, https:\/\/seda.hi-iberia.es\/wp-content\/uploads\/2024\/10\/Desei-e1728973726148-150x150.jpeg 150w, https:\/\/seda.hi-iberia.es\/wp-content\/uploads\/2024\/10\/Desei-e1728973726148-768x773.jpeg 768w, https:\/\/seda.hi-iberia.es\/wp-content\/uploads\/2024\/10\/Desei-e1728973726148.jpeg 1279w\" sizes=\"(max-width: 298px) 100vw, 298px\" \/>\t\t\t\t\t\t\t\t\t\t\t\t\t\t\t<\/div>\n\t\t\t\t<\/div>\n\t\t\t\t\t<\/div>\n\t\t<\/div>\n\t\t\t\t\t<\/div>\n\t\t<\/section>\n\t\t\t\t<\/div>","protected":false},"excerpt":{"rendered":"<p>El DESEi+d (Congreso Nacional de I+D en Defensa y Seguridad) es un evento anual clave en el \u00e1mbito de la investigaci\u00f3n y el desarrollo de tecnolog\u00edas aplicadas a la defensa y la seguridad en Espa\u00f1a. Este congreso re\u00fane a expertos, acad\u00e9micos, representantes de la industria y agentes del sector de la defensa con el fin [&hellip;]<\/p>","protected":false},"author":1,"featured_media":0,"comment_status":"closed","ping_status":"closed","sticky":false,"template":"single-full","format":"standard","meta":{"om_disable_all_campaigns":false,"_monsterinsights_skip_tracking":false,"_monsterinsights_sitenote_active":false,"_monsterinsights_sitenote_note":"","_monsterinsights_sitenote_category":0,"footnotes":""},"categories":[37],"tags":[],"class_list":["post-1107","post","type-post","status-publish","format-standard","hentry","category-eventos"],"_links":{"self":[{"href":"https:\/\/seda.hi-iberia.es\/en\/wp-json\/wp\/v2\/posts\/1107","targetHints":{"allow":["GET"]}}],"collection":[{"href":"https:\/\/seda.hi-iberia.es\/en\/wp-json\/wp\/v2\/posts"}],"about":[{"href":"https:\/\/seda.hi-iberia.es\/en\/wp-json\/wp\/v2\/types\/post"}],"author":[{"embeddable":true,"href":"https:\/\/seda.hi-iberia.es\/en\/wp-json\/wp\/v2\/users\/1"}],"replies":[{"embeddable":true,"href":"https:\/\/seda.hi-iberia.es\/en\/wp-json\/wp\/v2\/comments?post=1107"}],"version-history":[{"count":0,"href":"https:\/\/seda.hi-iberia.es\/en\/wp-json\/wp\/v2\/posts\/1107\/revisions"}],"wp:attachment":[{"href":"https:\/\/seda.hi-iberia.es\/en\/wp-json\/wp\/v2\/media?parent=1107"}],"wp:term":[{"taxonomy":"category","embeddable":true,"href":"https:\/\/seda.hi-iberia.es\/en\/wp-json\/wp\/v2\/categories?post=1107"},{"taxonomy":"post_tag","embeddable":true,"href":"https:\/\/seda.hi-iberia.es\/en\/wp-json\/wp\/v2\/tags?post=1107"}],"curies":[{"name":"wp","href":"https:\/\/api.w.org\/{rel}","templated":true}]}}