{"id":1125,"date":"2024-05-28T09:59:46","date_gmt":"2024-05-28T09:59:46","guid":{"rendered":"https:\/\/seda.hi-iberia.es\/?p=1125"},"modified":"2024-10-17T09:14:41","modified_gmt":"2024-10-17T09:14:41","slug":"edf-european-defence-fund-2024","status":"publish","type":"post","link":"https:\/\/seda.hi-iberia.es\/en\/eventos\/edf-european-defence-fund-2024\/","title":{"rendered":"EDF (European Defence Fund) 2024"},"content":{"rendered":"<div data-elementor-type=\"wp-post\" data-elementor-id=\"1125\" class=\"elementor elementor-1125\">\n\t\t\t\t\t\t<section class=\"elementor-section elementor-top-section elementor-element elementor-element-8f2b785 elementor-section-boxed elementor-section-height-default elementor-section-height-default\" data-id=\"8f2b785\" data-element_type=\"section\">\n\t\t\t\t\t\t<div class=\"elementor-container elementor-column-gap-default\">\n\t\t\t\t\t<div class=\"elementor-column elementor-col-100 elementor-top-column elementor-element elementor-element-f37ac02\" data-id=\"f37ac02\" data-element_type=\"column\">\n\t\t\t<div class=\"elementor-widget-wrap elementor-element-populated\">\n\t\t\t\t\t\t<div class=\"elementor-element elementor-element-3467dc8 elementor-widget elementor-widget-text-editor\" data-id=\"3467dc8\" data-element_type=\"widget\" data-widget_type=\"text-editor.default\">\n\t\t\t\t<div class=\"elementor-widget-container\">\n\t\t\t\t\t\t\t\t\t<p style=\"text-align: justify;\"><span data-contrast=\"auto\">The European Defense Fund (EDF) is a key initiative within the European Union's (EU) security and defense policy. Launched in 2017, the EDF seeks to strengthen cooperation between member states in the field of defense, fund joint research and development projects, and promote the competitiveness of the European defense industry. This fund is part of a broader effort for the EU to achieve greater strategic autonomy, i.e., the ability to act independently in defense and security situations without relying exclusively on external actors such as the United States.<\/span><span data-ccp-props=\"{&quot;201341983&quot;:0,&quot;335551550&quot;:6,&quot;335551620&quot;:6,&quot;335559739&quot;:160,&quot;335559740&quot;:279}\">\u00a0<\/span><\/p><p style=\"text-align: justify;\"><span data-contrast=\"auto\">The EDF's mission is to improve the interoperability and cohesion of the armed forces of EU countries by financing collaborative research and development projects. This fund also drives innovation in defense technologies, with the aim of creating a strong and competitive industrial base. In essence, the EDF is designed to address common security challenges and ensure that European forces are prepared to meet emerging threats.<\/span><span data-ccp-props=\"{&quot;201341983&quot;:0,&quot;335551550&quot;:6,&quot;335551620&quot;:6,&quot;335559739&quot;:160,&quot;335559740&quot;:279}\">\u00a0<\/span><\/p><p style=\"text-align: justify;\"><span data-contrast=\"auto\">The fund is divided into two main pillars: research and development. For research, up to \u20ac2.7 billion has been allocated for 2021-2027, while for development and acquisition of defense capabilities, \u20ac5.3 billion is earmarked, with co-financing of up to 100% for certain research projects and 80% for development projects.<\/span><span data-ccp-props=\"{&quot;201341983&quot;:0,&quot;335551550&quot;:6,&quot;335551620&quot;:6,&quot;335559739&quot;:160,&quot;335559740&quot;:279}\">\u00a0<\/span><\/p><p style=\"text-align: justify;\"><span data-contrast=\"auto\">EDF 2024 was presented in the framework of the \u201cEDF Info Days 2024\u201d, an event that brought together more than 3,000 participants, both in Brussels and virtually, including representatives of defense industries, small and medium-sized entrepreneurs, as well as public officials and key players in research and development. The objective of this congress was to inform about the opportunities offered by the EDF for funding collaborative defense projects and how to submit proposals.<\/span><span data-ccp-props=\"{&quot;201341983&quot;:0,&quot;335551550&quot;:6,&quot;335551620&quot;:6,&quot;335559739&quot;:160,&quot;335559740&quot;:279}\">\u00a0<\/span><\/p><p style=\"text-align: justify;\"><span data-contrast=\"auto\">During the conference, funding calls for 2024 were presented, focusing on the creation of research and development consortia to address strategic defense needs. Participants were also able to participate in networking sessions, allowing companies and research groups to forge alliances and discuss possible collaborations on defense projects.<\/span><\/p>\t\t\t\t\t\t\t\t<\/div>\n\t\t\t\t<\/div>\n\t\t\t\t\t<\/div>\n\t\t<\/div>\n\t\t\t\t\t<\/div>\n\t\t<\/section>\n\t\t\t\t<section class=\"elementor-section elementor-top-section elementor-element elementor-element-8497c7f elementor-section-boxed elementor-section-height-default elementor-section-height-default\" data-id=\"8497c7f\" data-element_type=\"section\">\n\t\t\t\t\t\t<div class=\"elementor-container elementor-column-gap-default\">\n\t\t\t\t\t<div class=\"elementor-column elementor-col-100 elementor-top-column elementor-element elementor-element-791f058\" data-id=\"791f058\" data-element_type=\"column\">\n\t\t\t<div class=\"elementor-widget-wrap elementor-element-populated\">\n\t\t\t\t\t\t<div class=\"elementor-element elementor-element-f5f2709 elementor-arrows-position-inside elementor-pagination-position-outside elementor-widget elementor-widget-image-carousel\" data-id=\"f5f2709\" data-element_type=\"widget\" data-settings=\"{&quot;slides_to_show&quot;:&quot;2&quot;,&quot;slides_to_scroll&quot;:&quot;1&quot;,&quot;navigation&quot;:&quot;both&quot;,&quot;autoplay&quot;:&quot;yes&quot;,&quot;pause_on_hover&quot;:&quot;yes&quot;,&quot;pause_on_interaction&quot;:&quot;yes&quot;,&quot;autoplay_speed&quot;:5000,&quot;infinite&quot;:&quot;yes&quot;,&quot;speed&quot;:500,&quot;image_spacing_custom&quot;:{&quot;unit&quot;:&quot;px&quot;,&quot;size&quot;:20,&quot;sizes&quot;:[]},&quot;image_spacing_custom_tablet&quot;:{&quot;unit&quot;:&quot;px&quot;,&quot;size&quot;:&quot;&quot;,&quot;sizes&quot;:[]},&quot;image_spacing_custom_mobile&quot;:{&quot;unit&quot;:&quot;px&quot;,&quot;size&quot;:&quot;&quot;,&quot;sizes&quot;:[]}}\" data-widget_type=\"image-carousel.default\">\n\t\t\t\t<div class=\"elementor-widget-container\">\n\t\t\t\t\t\t\t<div class=\"elementor-image-carousel-wrapper swiper\" role=\"region\" aria-roledescription=\"carousel\" aria-label=\"Image Carousel\" dir=\"ltr\" data-no-translation-aria-label=\"\">\n\t\t\t<div class=\"elementor-image-carousel swiper-wrapper swiper-image-stretch\" aria-live=\"off\">\n\t\t\t\t\t\t\t\t<div class=\"swiper-slide\" role=\"group\" aria-roledescription=\"slide\" aria-label=\"1 of 4\" data-no-translation-aria-label=\"\"><figure class=\"swiper-slide-inner\"><img decoding=\"async\" class=\"swiper-slide-image\" src=\"https:\/\/seda.hi-iberia.es\/wp-content\/uploads\/2024\/10\/European-Defence-Fund-2-650x650.png\" alt=\"European Defence Fund (EDF)\" \/><figcaption class=\"elementor-image-carousel-caption\">European Defence Fund (EDF)<\/figcaption><\/figure><\/div><div class=\"swiper-slide\" role=\"group\" aria-roledescription=\"slide\" aria-label=\"2 of 4\" data-no-translation-aria-label=\"\"><figure class=\"swiper-slide-inner\"><img decoding=\"async\" class=\"swiper-slide-image\" src=\"https:\/\/seda.hi-iberia.es\/wp-content\/uploads\/2024\/10\/EDF-650x650.jpg\" alt=\"EDF presentaci\u00f3n\" \/><figcaption class=\"elementor-image-carousel-caption\">EDF presentation<\/figcaption><\/figure><\/div><div class=\"swiper-slide\" role=\"group\" aria-roledescription=\"slide\" aria-label=\"3 of 4\" data-no-translation-aria-label=\"\"><figure class=\"swiper-slide-inner\"><img decoding=\"async\" class=\"swiper-slide-image\" src=\"https:\/\/seda.hi-iberia.es\/wp-content\/uploads\/2024\/10\/EDF-sesion-650x650.jpg\" alt=\"EDF sesion\" \/><figcaption class=\"elementor-image-carousel-caption\">EDF session<\/figcaption><\/figure><\/div><div class=\"swiper-slide\" role=\"group\" aria-roledescription=\"slide\" aria-label=\"4 of 4\" data-no-translation-aria-label=\"\"><figure class=\"swiper-slide-inner\"><img decoding=\"async\" class=\"swiper-slide-image\" src=\"https:\/\/seda.hi-iberia.es\/wp-content\/uploads\/2024\/10\/EDF-programa-650x650.jpg\" alt=\"EDF programa\" \/><figcaption class=\"elementor-image-carousel-caption\">EDF program<\/figcaption><\/figure><\/div>\t\t\t<\/div>\n\t\t\t\t\t\t\t\t\t\t\t\t<div class=\"elementor-swiper-button elementor-swiper-button-prev\" role=\"button\" tabindex=\"0\">\n\t\t\t\t\t\t<i aria-hidden=\"true\" class=\"eicon-chevron-left\"><\/i>\t\t\t\t\t<\/div>\n\t\t\t\t\t<div class=\"elementor-swiper-button elementor-swiper-button-next\" role=\"button\" tabindex=\"0\">\n\t\t\t\t\t\t<i aria-hidden=\"true\" class=\"eicon-chevron-right\"><\/i>\t\t\t\t\t<\/div>\n\t\t\t\t\n\t\t\t\t\t\t\t\t\t<div class=\"swiper-pagination\"><\/div>\n\t\t\t\t\t\t\t\t\t<\/div>\n\t\t\t\t\t\t<\/div>\n\t\t\t\t<\/div>\n\t\t\t\t\t<\/div>\n\t\t<\/div>\n\t\t\t\t\t<\/div>\n\t\t<\/section>\n\t\t\t\t<\/div>","protected":false},"excerpt":{"rendered":"<p>El Fondo Europeo de Defensa (EDF) es una iniciativa clave dentro de la pol\u00edtica de seguridad y defensa de la Uni\u00f3n Europea (UE). Lanzado en 2017, el EDF busca fortalecer la cooperaci\u00f3n entre los Estados miembros en el \u00e1mbito de la defensa, financiar proyectos de investigaci\u00f3n y desarrollo conjuntos, y promover la competitividad de la [&hellip;]<\/p>","protected":false},"author":1,"featured_media":0,"comment_status":"closed","ping_status":"closed","sticky":false,"template":"single-full","format":"standard","meta":{"om_disable_all_campaigns":false,"_monsterinsights_skip_tracking":false,"_monsterinsights_sitenote_active":false,"_monsterinsights_sitenote_note":"","_monsterinsights_sitenote_category":0,"footnotes":""},"categories":[37],"tags":[],"class_list":["post-1125","post","type-post","status-publish","format-standard","hentry","category-eventos"],"_links":{"self":[{"href":"https:\/\/seda.hi-iberia.es\/en\/wp-json\/wp\/v2\/posts\/1125","targetHints":{"allow":["GET"]}}],"collection":[{"href":"https:\/\/seda.hi-iberia.es\/en\/wp-json\/wp\/v2\/posts"}],"about":[{"href":"https:\/\/seda.hi-iberia.es\/en\/wp-json\/wp\/v2\/types\/post"}],"author":[{"embeddable":true,"href":"https:\/\/seda.hi-iberia.es\/en\/wp-json\/wp\/v2\/users\/1"}],"replies":[{"embeddable":true,"href":"https:\/\/seda.hi-iberia.es\/en\/wp-json\/wp\/v2\/comments?post=1125"}],"version-history":[{"count":0,"href":"https:\/\/seda.hi-iberia.es\/en\/wp-json\/wp\/v2\/posts\/1125\/revisions"}],"wp:attachment":[{"href":"https:\/\/seda.hi-iberia.es\/en\/wp-json\/wp\/v2\/media?parent=1125"}],"wp:term":[{"taxonomy":"category","embeddable":true,"href":"https:\/\/seda.hi-iberia.es\/en\/wp-json\/wp\/v2\/categories?post=1125"},{"taxonomy":"post_tag","embeddable":true,"href":"https:\/\/seda.hi-iberia.es\/en\/wp-json\/wp\/v2\/tags?post=1125"}],"curies":[{"name":"wp","href":"https:\/\/api.w.org\/{rel}","templated":true}]}}