{"id":2021,"date":"2024-11-25T10:23:15","date_gmt":"2024-11-25T10:23:15","guid":{"rendered":"https:\/\/seda.hi-iberia.es\/?p=2021"},"modified":"2024-11-25T10:29:13","modified_gmt":"2024-11-25T10:29:13","slug":"congreso-nacional-de-id-en-defensa-y-seguridad-2024","status":"publish","type":"post","link":"https:\/\/seda.hi-iberia.es\/en\/eventos\/congreso-nacional-de-id-en-defensa-y-seguridad-2024\/","title":{"rendered":"National Defense and Security R&amp;D Congress 2024\u00a0"},"content":{"rendered":"<div data-elementor-type=\"wp-post\" data-elementor-id=\"2021\" class=\"elementor elementor-2021\">\n\t\t\t\t\t\t<section class=\"elementor-section elementor-top-section elementor-element elementor-element-2c6049e elementor-section-boxed elementor-section-height-default elementor-section-height-default\" data-id=\"2c6049e\" data-element_type=\"section\">\n\t\t\t\t\t\t<div class=\"elementor-container elementor-column-gap-default\">\n\t\t\t\t\t<div class=\"elementor-column elementor-col-100 elementor-top-column elementor-element elementor-element-8d78eec\" data-id=\"8d78eec\" data-element_type=\"column\">\n\t\t\t<div class=\"elementor-widget-wrap elementor-element-populated\">\n\t\t\t\t\t\t<div class=\"elementor-element elementor-element-309de9f elementor-widget elementor-widget-text-editor\" data-id=\"309de9f\" data-element_type=\"widget\" data-widget_type=\"text-editor.default\">\n\t\t\t\t<div class=\"elementor-widget-container\">\n\t\t\t\t\t\t\t\t\t<p><span data-contrast=\"auto\">The 11th National Congress on R&amp;D in Defense and Security (DESEi+d 2024) took place from November 12 to 14, 2024, at the Palacio de Ferias y Congresos in Ja\u00e9n. This event, established as a benchmark in the field of R&amp;D in Defense and Security in Spain, brings together key players in the sector, including the Armed Forces, universities, companies, academic centers, and research institutes, fostering knowledge exchange and collaboration among public and private entities.<\/span><span data-ccp-props=\"{}\">\u00a0<\/span><\/p><p><span data-contrast=\"auto\">Since its inception in 2013, the DESEi+d Congress has served as a vital platform for presenting and disseminating innovative research and technological developments in the civil domain. These efforts, utilizing advanced methodologies and promising outcomes, have demonstrated potential applications in national Defense and Security, thereby advancing the development of so-called Dual-Use Technologies, which serve both civilian and military purposes.<\/span><span data-ccp-props=\"{}\">\u00a0<\/span><\/p><p><span data-contrast=\"auto\">In this edition, SEDA had a prominent role with two accepted contributions. The first, presented as a poster and titled <\/span><i><span data-contrast=\"auto\">\"Few-Shot Learning Techniques for the Classification of Military Ships Using Satellite Images,\"<\/span><\/i><span data-contrast=\"auto\">addressed the use case for the specific detection of military vessels. The second, delivered as an oral presentation under the title <\/span><i><span data-contrast=\"auto\">\"Automatic Extraction of Infrastructure and Cartographic Elements through AI Applied to Aerial Images,\"<\/span><\/i><span data-contrast=\"auto\">focused on the vectorization of buildings, roads, and land use.<\/span><span data-ccp-props=\"{}\">\u00a0<\/span><\/p><p><span data-ccp-props=\"{}\">\u00a0<\/span><span data-contrast=\"auto\">In addition to the contributions, SEDA participated in the R&amp;D demonstrator hall with a stand showcasing the AMIGO module. The stand also featured outreach materials, including a poster, brochures, and an explanatory video. This space effectively communicated the capabilities and applications of the solutions developed, solidifying SEDA's position in the field of technological innovation applied to Defense and Security.<\/span><span data-ccp-props=\"{&quot;335572079&quot;:6,&quot;335572080&quot;:1,&quot;335572081&quot;:4278190080,&quot;469789806&quot;:&quot;single&quot;}\">\u00a0<\/span><\/p>\t\t\t\t\t\t\t\t<\/div>\n\t\t\t\t<\/div>\n\t\t\t\t\t<\/div>\n\t\t<\/div>\n\t\t\t\t\t<\/div>\n\t\t<\/section>\n\t\t\t\t<section class=\"elementor-section elementor-top-section elementor-element elementor-element-48e956f elementor-section-boxed elementor-section-height-default elementor-section-height-default\" data-id=\"48e956f\" data-element_type=\"section\">\n\t\t\t\t\t\t<div class=\"elementor-container elementor-column-gap-default\">\n\t\t\t\t\t<div class=\"elementor-column elementor-col-100 elementor-top-column elementor-element elementor-element-192eccf\" data-id=\"192eccf\" data-element_type=\"column\">\n\t\t\t<div class=\"elementor-widget-wrap elementor-element-populated\">\n\t\t\t\t\t\t<div class=\"elementor-element elementor-element-756235b elementor-arrows-position-inside elementor-pagination-position-outside elementor-widget elementor-widget-image-carousel\" data-id=\"756235b\" data-element_type=\"widget\" data-settings=\"{&quot;slides_to_show&quot;:&quot;2&quot;,&quot;slides_to_scroll&quot;:&quot;1&quot;,&quot;navigation&quot;:&quot;both&quot;,&quot;autoplay&quot;:&quot;yes&quot;,&quot;pause_on_hover&quot;:&quot;yes&quot;,&quot;pause_on_interaction&quot;:&quot;yes&quot;,&quot;autoplay_speed&quot;:5000,&quot;infinite&quot;:&quot;yes&quot;,&quot;speed&quot;:500,&quot;image_spacing_custom&quot;:{&quot;unit&quot;:&quot;px&quot;,&quot;size&quot;:20,&quot;sizes&quot;:[]},&quot;image_spacing_custom_tablet&quot;:{&quot;unit&quot;:&quot;px&quot;,&quot;size&quot;:&quot;&quot;,&quot;sizes&quot;:[]},&quot;image_spacing_custom_mobile&quot;:{&quot;unit&quot;:&quot;px&quot;,&quot;size&quot;:&quot;&quot;,&quot;sizes&quot;:[]}}\" data-widget_type=\"image-carousel.default\">\n\t\t\t\t<div class=\"elementor-widget-container\">\n\t\t\t\t\t\t\t<div class=\"elementor-image-carousel-wrapper swiper\" role=\"region\" aria-roledescription=\"carousel\" aria-label=\"Image Carousel\" dir=\"ltr\">\n\t\t\t<div class=\"elementor-image-carousel swiper-wrapper swiper-image-stretch\" aria-live=\"off\">\n\t\t\t\t\t\t\t\t<div class=\"swiper-slide\" role=\"group\" aria-roledescription=\"slide\" aria-label=\"1 de 4\"><figure class=\"swiper-slide-inner\"><img decoding=\"async\" class=\"swiper-slide-image\" src=\"https:\/\/seda.hi-iberia.es\/wp-content\/uploads\/2024\/11\/IMG_7391-650x650.jpg\" alt=\"IMG_7391\" \/><\/figure><\/div><div class=\"swiper-slide\" role=\"group\" aria-roledescription=\"slide\" aria-label=\"2 de 4\"><figure class=\"swiper-slide-inner\"><img decoding=\"async\" class=\"swiper-slide-image\" src=\"https:\/\/seda.hi-iberia.es\/wp-content\/uploads\/2024\/11\/IMG_7396-650x650.jpg\" alt=\"IMG_7396\" \/><\/figure><\/div><div class=\"swiper-slide\" role=\"group\" aria-roledescription=\"slide\" aria-label=\"3 de 4\"><figure class=\"swiper-slide-inner\"><img decoding=\"async\" class=\"swiper-slide-image\" src=\"https:\/\/seda.hi-iberia.es\/wp-content\/uploads\/2024\/11\/Poster-650x650.jpg\" alt=\"Poster\" \/><\/figure><\/div><div class=\"swiper-slide\" role=\"group\" aria-roledescription=\"slide\" aria-label=\"4 de 4\"><figure class=\"swiper-slide-inner\"><img decoding=\"async\" class=\"swiper-slide-image\" src=\"https:\/\/seda.hi-iberia.es\/wp-content\/uploads\/2024\/11\/Stand-650x650.jpg\" alt=\"Stand\" \/><\/figure><\/div>\t\t\t<\/div>\n\t\t\t\t\t\t\t\t\t\t\t\t<div class=\"elementor-swiper-button elementor-swiper-button-prev\" role=\"button\" tabindex=\"0\">\n\t\t\t\t\t\t<i aria-hidden=\"true\" class=\"eicon-chevron-left\"><\/i>\t\t\t\t\t<\/div>\n\t\t\t\t\t<div class=\"elementor-swiper-button elementor-swiper-button-next\" role=\"button\" tabindex=\"0\">\n\t\t\t\t\t\t<i aria-hidden=\"true\" class=\"eicon-chevron-right\"><\/i>\t\t\t\t\t<\/div>\n\t\t\t\t\n\t\t\t\t\t\t\t\t\t<div class=\"swiper-pagination\"><\/div>\n\t\t\t\t\t\t\t\t\t<\/div>\n\t\t\t\t\t\t<\/div>\n\t\t\t\t<\/div>\n\t\t\t\t\t<\/div>\n\t\t<\/div>\n\t\t\t\t\t<\/div>\n\t\t<\/section>\n\t\t\t\t<\/div>","protected":false},"excerpt":{"rendered":"<p>El XI Congreso Nacional de I+D en Defensa y Seguridad (DESEi+d 2024) se celebr\u00f3 los d\u00edas 12, 13 y 14 de noviembre de 2024 en el Palacio de Ferias y Congresos de Ja\u00e9n. Este evento, consolidado como una referencia en el \u00e1mbito de la I+D en Defensa y Seguridad en Espa\u00f1a, re\u00fane a los principales [&hellip;]<\/p>","protected":false},"author":1,"featured_media":0,"comment_status":"open","ping_status":"open","sticky":false,"template":"single-full","format":"standard","meta":{"om_disable_all_campaigns":false,"_monsterinsights_skip_tracking":false,"_monsterinsights_sitenote_active":false,"_monsterinsights_sitenote_note":"","_monsterinsights_sitenote_category":0,"footnotes":""},"categories":[37],"tags":[],"class_list":["post-2021","post","type-post","status-publish","format-standard","hentry","category-eventos"],"_links":{"self":[{"href":"https:\/\/seda.hi-iberia.es\/en\/wp-json\/wp\/v2\/posts\/2021","targetHints":{"allow":["GET"]}}],"collection":[{"href":"https:\/\/seda.hi-iberia.es\/en\/wp-json\/wp\/v2\/posts"}],"about":[{"href":"https:\/\/seda.hi-iberia.es\/en\/wp-json\/wp\/v2\/types\/post"}],"author":[{"embeddable":true,"href":"https:\/\/seda.hi-iberia.es\/en\/wp-json\/wp\/v2\/users\/1"}],"replies":[{"embeddable":true,"href":"https:\/\/seda.hi-iberia.es\/en\/wp-json\/wp\/v2\/comments?post=2021"}],"version-history":[{"count":8,"href":"https:\/\/seda.hi-iberia.es\/en\/wp-json\/wp\/v2\/posts\/2021\/revisions"}],"predecessor-version":[{"id":2036,"href":"https:\/\/seda.hi-iberia.es\/en\/wp-json\/wp\/v2\/posts\/2021\/revisions\/2036"}],"wp:attachment":[{"href":"https:\/\/seda.hi-iberia.es\/en\/wp-json\/wp\/v2\/media?parent=2021"}],"wp:term":[{"taxonomy":"category","embeddable":true,"href":"https:\/\/seda.hi-iberia.es\/en\/wp-json\/wp\/v2\/categories?post=2021"},{"taxonomy":"post_tag","embeddable":true,"href":"https:\/\/seda.hi-iberia.es\/en\/wp-json\/wp\/v2\/tags?post=2021"}],"curies":[{"name":"wp","href":"https:\/\/api.w.org\/{rel}","templated":true}]}}